{"id":551,"date":"2013-01-22T15:20:19","date_gmt":"2013-01-22T14:20:19","guid":{"rendered":"http:\/\/www.guideintoscana.it\/?p=551"},"modified":"2013-01-22T15:20:19","modified_gmt":"2013-01-22T14:20:19","slug":"puer-natus-lenfance-de-jesus-dans-les-manuscrits-enlumines-de-la-cathedrale-de-sienne","status":"publish","type":"post","link":"https:\/\/www.guideintoscana.it\/fr\/puer-natus-lenfance-de-jesus-dans-les-manuscrits-enlumines-de-la-cathedrale-de-sienne\/","title":{"rendered":"Puer Natus. L\u2019enfance de J\u00e9sus dans les manuscrits enlumin\u00e9s de la Cath\u00e9drale de Sienne"},"content":{"rendered":"<h2><strong>Sienne, 1\u00b0 d\u00e9cembre 2012 &#8211; 27 janvier 2013<\/strong><\/h2>\n<p>A Sienne, le 1\u00b0 d\u00e9cembre 2012 s\u2019ouvre au public \u201cPuer Natus. L\u2019enfance de J\u00e9sus dans les manuscrits enlumin\u00e9s de la Cath\u00e9drale de Sienne\u201d, exposition d\u00e9di\u00e9e aux magnifiques parchemins enlumin\u00e9s entre la fin du XIII et le d\u00e9but XIV si\u00e8cle pour la Cath\u00e9drale de l\u2019Assomption.<\/p>\n<p>En perspective du prochain Noel il sera possible d\u2019admirer dans la Crypte sous la Cath\u00e9drale et dans la Biblioth\u00e8que Piccolomini une sorte de \u00ab\u00a0Cr\u00e8che\u00a0\u00bb constitu\u00e9e par de magnifiques enluminures d\u00e9di\u00e9es \u00e0 l\u2019Assomption, \u00e0 la Nativit\u00e9, \u00e0 l\u2019Adoration des Mages et \u00e0 la Pr\u00e9sentation au Temple de J\u00e9sus. Les manuscrits expos\u00e9s dans la Biblioth\u00e8que Piccolomini seront pr\u00e9sent\u00e9s, pour la premi\u00e8re fois, sous un aspect diff\u00e9rent par rapport \u00e0 celui de l\u2019exposition permanente. Dans les espaces de la Crypte l\u2019enfance de J\u00e9sus sera illustr\u00e9e, en cette occasion extraordinaire, au travers de quelques pr\u00e9cieux manuscrits de la fin du XIII si\u00e8cle provenant du Mus\u00e9e et des Archives de \u00ab\u00a0l\u2019Opera del Duomo\u00a0\u00bb.<\/p>\n<p>Ces manuscrits repr\u00e9sentent un aspect fondamental pour la reconstruction de l\u2019histoire de l\u2019enluminure entre la fin du XIII et le d\u00e9but du XIV si\u00e8cle et font partie d\u2019un corpus d\u2019environ trente cinq manuscrits r\u00e9alis\u00e9s pour la Cath\u00e9drale de Sienne en deux parties distinctes: une qui remonte \u00e0 la fin du XIII et l\u2019autre \u00e0 la seconde moiti\u00e9 du XV si\u00e8cle.<br \/>\nLe parcours de l\u2019exposition est compl\u00e9t\u00e9 par une section interactive qui permettra au visiteur de \u201cfeuilleter\u201d sur touch-screen les pr\u00e9cieuses pages, en admirant dans les d\u00e9tails la beaut\u00e9 des enluminures. \u00a0La visite dans les locaux de la Crypte sous la Cath\u00e9drale sera accompagn\u00e9e par des chants gr\u00e9goriens li\u00e9s \u00e0 la liturgie du Temps de Noel.<\/p>\n","protected":false},"excerpt":{"rendered":"<p>Sienne, 1\u00b0 d\u00e9cembre 2012 &#8211; 27 janvier 2013 A Sienne, le 1\u00b0 d\u00e9cembre 2012 s\u2019ouvre au public \u201cPuer Natus. L\u2019enfance de J\u00e9sus dans les manuscrits enlumin\u00e9s de la Cath\u00e9drale de Sienne\u201d, exposition d\u00e9di\u00e9e aux magnifiques parchemins enlumin\u00e9s entre la fin du XIII et le d\u00e9but XIV si\u00e8cle pour la Cath\u00e9drale de l\u2019Assomption. En perspective du [&hellip;]<\/p>\n","protected":false},"author":1,"featured_media":547,"comment_status":"closed","ping_status":"open","sticky":false,"template":"","format":"standard","meta":{"footnotes":""},"categories":[3],"tags":[],"class_list":["post-551","post","type-post","status-publish","format-standard","has-post-thumbnail","hentry","category-senza-categoria-fr"],"_links":{"self":[{"href":"https:\/\/www.guideintoscana.it\/fr\/wp-json\/wp\/v2\/posts\/551"}],"collection":[{"href":"https:\/\/www.guideintoscana.it\/fr\/wp-json\/wp\/v2\/posts"}],"about":[{"href":"https:\/\/www.guideintoscana.it\/fr\/wp-json\/wp\/v2\/types\/post"}],"author":[{"embeddable":true,"href":"https:\/\/www.guideintoscana.it\/fr\/wp-json\/wp\/v2\/users\/1"}],"replies":[{"embeddable":true,"href":"https:\/\/www.guideintoscana.it\/fr\/wp-json\/wp\/v2\/comments?post=551"}],"version-history":[{"count":0,"href":"https:\/\/www.guideintoscana.it\/fr\/wp-json\/wp\/v2\/posts\/551\/revisions"}],"wp:featuredmedia":[{"embeddable":true,"href":"https:\/\/www.guideintoscana.it\/fr\/wp-json\/wp\/v2\/media\/547"}],"wp:attachment":[{"href":"https:\/\/www.guideintoscana.it\/fr\/wp-json\/wp\/v2\/media?parent=551"}],"wp:term":[{"taxonomy":"category","embeddable":true,"href":"https:\/\/www.guideintoscana.it\/fr\/wp-json\/wp\/v2\/categories?post=551"},{"taxonomy":"post_tag","embeddable":true,"href":"https:\/\/www.guideintoscana.it\/fr\/wp-json\/wp\/v2\/tags?post=551"}],"curies":[{"name":"wp","href":"https:\/\/api.w.org\/{rel}","templated":true}]}}